{"id":52135,"date":"2022-12-21T10:05:18","date_gmt":"2022-12-21T10:05:18","guid":{"rendered":"https:\/\/adamfayed.com\/?p=52135"},"modified":"2022-12-21T10:05:19","modified_gmt":"2022-12-21T10:05:19","slug":"a-look-into-the-swiss-pension-system","status":"publish","type":"post","link":"https:\/\/adamfayed.com\/it\/retirement\/a-look-into-the-swiss-pension-system\/","title":{"rendered":"Uno sguardo al sistema pensionistico svizzero"},"content":{"rendered":"<p>Uno sguardo al sistema pensionistico svizzero<\/p>\n\n\n\n<p>Se state cercando di investire come espatriati o individui con un alto patrimonio netto, che \u00e8 ci\u00f2 in cui sono specializzato, potete inviarmi un'e-mail (advice@adamfayed.com) o un messaggio WhatsApp (+44-7393-450-837).<\/p>\n\n\n\n<p>Questo articolo non costituisce una consulenza fiscale, legale o di altro tipo e i fatti potrebbero essere cambiati da quando lo abbiamo scritto.<\/p>\n\n\n\n<h2 class=\"wp-block-heading\">Introduzione<strong> <\/strong><\/h2>\n\n\n\n<p>Il sistema pensionistico svizzero \u00e8 sostenuto da tre pilastri che ricevono finanziamenti dal governo federale, dai pagamenti effettuati dal contratto di lavoro e dalle pensioni private individuali.<\/p>\n\n\n\n<p>Vediamo pi\u00f9 da vicino i tre pilastri del sistema pensionistico svizzero, secondo Swiss <a href=\"https:\/\/www.ch.ch\/en\/retirement\/preparing-for-retirement\/\" target=\"_blank\" rel=\"noopener\">autorit\u00e0<\/a>.<\/p>\n\n\n\n<h2 class=\"wp-block-heading\">Pensione svizzera Primo pilastro: La pensione statale dell'Assicurazione per la vecchiaia e i superstiti (AVS)<\/h2>\n\n\n\n<div style=\"height:9px\" aria-hidden=\"true\" class=\"wp-block-spacer\"><\/div>\n\n\n\n<h3 class=\"wp-block-heading\">Chi \u00e8 responsabile del pagamento dell'AVS?<\/h3>\n\n\n\n<div style=\"height:9px\" aria-hidden=\"true\" class=\"wp-block-spacer\"><\/div>\n\n\n\n<p>Secondo le autorit\u00e0, l'AVS \u00e8 obbligatoria e ha lo scopo di garantire a tutti i residenti l'accesso a un certo livello minimo di condizioni di vita.<\/p>\n\n\n\n<p>I contributi AVS devono essere versati da chiunque lavori o risieda in Svizzera dall'inizio di gennaio dopo il compimento dei 20 anni fino al compimento dei 65 anni.<\/p>\n\n\n\n<p>Questo versamento obbligatorio inizia quando si compie il 17\u00b0 anno di et\u00e0 e si ha un lavoro, e continua anche dopo il raggiungimento dell'et\u00e0 pensionabile, finch\u00e9 si continua a lavorare.<\/p>\n\n\n\n<p>Il denaro che riceverete al momento del pensionamento sar\u00e0 determinato dall'insieme dei contributi AVS versati nel corso della vostra carriera lavorativa.<\/p>\n\n\n\n<h3 class=\"wp-block-heading\">Quanto bisogna versare per la propria pensione svizzera nell'ambito dell'AVS?<\/h3>\n\n\n\n<div style=\"height:9px\" aria-hidden=\"true\" class=\"wp-block-spacer\"><\/div>\n\n\n\n<h4 class=\"wp-block-heading\">Per i disoccupati<\/h4>\n\n\n\n<div style=\"height:9px\" aria-hidden=\"true\" class=\"wp-block-spacer\"><\/div>\n\n\n\n<p>Siete tenuti a versare contributi annuali all'AVS per un importo minimo di 503 franchi se siete uno dei seguenti soggetti:<\/p>\n\n\n\n<ul class=\"wp-block-list\">\n<li>uno studente<\/li>\n\n\n\n<li>pensionato anticipato<\/li>\n\n\n\n<li>beneficiario di una pensione assicurativa o di un'indennit\u00e0 giornaliera per invalidit\u00e0, malattia o infortunio<\/li>\n\n\n\n<li>disoccupati e la richiesta di sussidi \u00e8 terminata<\/li>\n<\/ul>\n\n\n\n<div style=\"height:9px\" aria-hidden=\"true\" class=\"wp-block-spacer\"><\/div>\n\n\n\n<p>Anche altri pagamenti obbligatori, come quelli per la polizza di invalidit\u00e0 e il compenso per la perdita di reddito, vengono conteggiati nella somma.<\/p>\n\n\n\n<p>Tuttavia, siete esonerati dal versamento dei contributi se, anche se non siete occupati, il vostro coniuge o partner registrato lavora e versa due volte il contributo minimo richiesto all'anno.<\/p>\n\n\n\n<h4 class=\"wp-block-heading\">Per i lavoratori dipendenti<\/h4>\n\n\n\n<div style=\"height:9px\" aria-hidden=\"true\" class=\"wp-block-spacer\"><\/div>\n\n\n\n<p>I contribuenti sono tenuti a versare l'8,7% del loro salario all'AVS, mentre il datore di lavoro \u00e8 tenuto a versare il restante 8,7%. I contributi all'AVS vengono addebitati al salario lordo dal datore di lavoro, che li versa alla cassa di compensazione per conto dell'assicurato.<\/p>\n\n\n\n<p>\u00c8 importante che sappiate che siete tenuti, insieme al vostro datore di lavoro, a pagare altri contributi obbligatori, come quelli per le polizze di invalidit\u00e0 e di disoccupazione, nonch\u00e9 la retribuzione per la perdita di reddito.<\/p>\n\n\n\n<h4 class=\"wp-block-heading\">Per i lavoratori autonomi<\/h4>\n\n\n\n<div style=\"height:9px\" aria-hidden=\"true\" class=\"wp-block-spacer\"><\/div>\n\n\n\n<p>\u00c8 necessario calcolare ed effettuare i versamenti per l'AVS, che in genere sono pari all'8,1% del reddito. Oltre a ci\u00f2, \u00e8 necessario contribuire ad altri contributi obbligatori, come indicato sopra.<\/p>\n\n\n\n<h4 class=\"wp-block-heading\">Per i pensionati tardivi<\/h4>\n\n\n\n<div style=\"height:9px\" aria-hidden=\"true\" class=\"wp-block-spacer\"><\/div>\n\n\n\n<p>Se si continua a lavorare dopo il raggiungimento dell'et\u00e0 pensionabile, si \u00e8 tenuti a continuare a versare i contributi all'AVS.<\/p>\n\n\n\n<p>D'altra parte, una volta raggiunta l'et\u00e0 richiesta per il pensionamento obbligatorio (65 anni), non sarete pi\u00f9 tenuti a versare i contributi per l'assicurazione contro la disoccupazione perch\u00e9 non avrete pi\u00f9 diritto all'indennit\u00e0 di disoccupazione.<\/p>\n\n\n\n<p>La parte di reddito superiore a 1.400 franchi al mese o a 16.800 all'anno sar\u00e0 utilizzata per determinare l'importo del contributo che dovrete versare durante questo periodo.<\/p>\n\n\n\n<p>Questa somma viene sottratta dal vostro <a href=\"https:\/\/adamfayed.com\/it\/whichjobspaythemost\/\">retribuzione di ogni lavoro<\/a>, Nel caso in cui siate impiegati da due o pi\u00f9 datori di lavoro contemporaneamente.<\/p>\n\n\n\n<h4 class=\"wp-block-heading\">Per chi si trasferisce all'estero<\/h4>\n\n\n\n<div style=\"height:9px\" aria-hidden=\"true\" class=\"wp-block-spacer\"><\/div>\n\n\n\n<p>Quando ci si trasferisce fuori dalla Svizzera, in genere non si \u00e8 pi\u00f9 tenuti a versare l'AVS.<\/p>\n\n\n\n<p>Potreste essere ammessi a contribuire volontariamente all'AVS da un paese che non fa parte dell'Unione europea. <a href=\"https:\/\/adamfayed.com\/it\/bnp-paribas-review-2022-part-1-a-leading-bank-in-the-european-union\/\">Unione Europea<\/a> (UE) o dell'Associazione europea di libero scambio (EFTA) se vi trasferite all'estero solo temporaneamente o se un datore di lavoro in Svizzera vi manda all'estero.<\/p>\n\n\n\n<figure class=\"wp-block-image aligncenter size-large is-resized\"><img fetchpriority=\"high\" decoding=\"async\" src=\"https:\/\/adamfayed.com\/wp-content\/uploads\/2022\/12\/swiss-francs-1024x684.jpg\" alt=\"swiss pension francs\" class=\"wp-image-52142\" width=\"700\" height=\"400\"\/><figcaption class=\"wp-element-caption\"><em>Franchi svizzeri - la valuta della Svizzera. <\/em>Immagine da Latestfinance.news<\/figcaption><\/figure>\n\n\n\n<h3 class=\"wp-block-heading\">Qual \u00e8 l'importo massimo della pensione a cui si ha diritto?<\/h3>\n\n\n\n<div style=\"height:9px\" aria-hidden=\"true\" class=\"wp-block-spacer\"><\/div>\n\n\n\n<p>Il primo pilastro \u00e8 destinato a soddisfare le esigenze fondamentali del pensionato.<\/p>\n\n\n\n<p>Attualmente, la pensione mensile pi\u00f9 bassa che si pu\u00f2 ottenere se si \u00e8 single \u00e8 di 1.195 franchi, mentre quella pi\u00f9 alta \u00e8 di 2.390 franchi.<\/p>\n\n\n\n<p>La pensione \u00e8 determinata da una serie di fattori, i pi\u00f9 importanti dei quali sono i seguenti:<\/p>\n\n\n\n<p>Il numero di anni di partecipazione al programma AVS. Se avete partecipato al programma AVS per tutta la durata del vostro <a href=\"https:\/\/adamfayed.com\/it\/running-a-business-and-work-life-balance-is-it-better-than-investing%ef%bf%bc\/\">vita lavorativa<\/a>, Si ha diritto alla massima pensione possibile. In caso di lacune nei pagamenti, la pensione sar\u00e0 di conseguenza pi\u00f9 bassa.<\/p>\n\n\n\n<p>Diciamo che se si va per un intero <a href=\"https:\/\/adamfayed.com\/it\/negotiationtechniques\/\">anno senza pagare<\/a> Se si entra nell'AVS, la pensione subisce una riduzione di circa il 2,3%.<\/p>\n\n\n\n<p>I pagamenti dell'AVS aumenteranno in modo direttamente proporzionale al livello del vostro stipendio, il che comporter\u00e0 anche un aumento dell'importo della pensione.  Per ottenere la pensione pi\u00f9 alta, \u00e8 necessario avere un reddito minimo di circa 86.040 franchi all'anno in media.<\/p>\n\n\n\n<p>Se siete sposati o siete in unione domestica registrata, la vostra pensione \u00e8 limitata al 150% del massimo consentito per una pensione singola o a 3.585 franchi. Questo vale anche se le vostre pensioni combinate superano questa cifra.<\/p>\n\n\n\n<h3 class=\"wp-block-heading\">Che ne \u00e8 dei mancati contributi all'AVS?<\/h3>\n\n\n\n<div style=\"height:9px\" aria-hidden=\"true\" class=\"wp-block-spacer\"><\/div>\n\n\n\n<p>Se non siete in grado di regolare i vostri pagamenti in modo costante, potrebbero verificarsi delle mancanze nell'importo totale dei contributi versati nell'ambito del primo pilastro della pensione svizzera.<\/p>\n\n\n\n<p>Le persone che non hanno versato i contributi obbligatori all'AVS quando erano studenti potrebbero trovarsi in questa situazione.<\/p>\n\n\n\n<p>Avete la possibilit\u00e0 di riscattare i contributi mancati, ma potete farlo solo per gli ultimi cinque anni. Non \u00e8 possibile recuperare i mancati versamenti precedenti.<\/p>\n\n\n\n<h3 class=\"wp-block-heading\">Un pensionamento anticipato o posticipato potrebbe influire sulla rendita AVS?<\/h3>\n\n\n\n<div style=\"height:9px\" aria-hidden=\"true\" class=\"wp-block-spacer\"><\/div>\n\n\n\n<p>\u00c8 possibile scegliere di andare in pensione uno o due anni prima del previsto, ma ci\u00f2 comporter\u00e0 una diminuzione dell'importo della pensione a cui si ha diritto.<\/p>\n\n\n\n<p>Secondo le autorit\u00e0 svizzere, per un anno di pensionamento anticipato la riduzione della pensione svizzera \u00e8 pari al 6,8%, mentre per due anni di pensionamento anticipato verr\u00e0 detratto il 13,6%.<\/p>\n\n\n\n<p>Nel frattempo, se si sceglie di ritardare il pensionamento da uno a un massimo di cinque anni, l'importo della pensione svizzera aumenter\u00e0 proporzionalmente al numero di anni di lavoro successivi al pensionamento.<\/p>\n\n\n\n<h3 class=\"wp-block-heading\">Stima della pensione AVS<\/h3>\n\n\n\n<div style=\"height:9px\" aria-hidden=\"true\" class=\"wp-block-spacer\"><\/div>\n\n\n\n<p>Potete richiedere in qualsiasi momento una stima della vostra pensione svizzera.<\/p>\n\n\n\n<p>Nel caso in cui la rendita dell'AVS non sia sufficiente a coprire le spese essenziali <a href=\"https:\/\/adamfayed.com\/it\/cost-of-living-in-canada-2022-part-3-living-cost-per-province\/\">costo della vita<\/a>, si ha diritto a ricevere le prestazioni complementari.<\/p>\n\n\n\n<p>Quando un <a href=\"https:\/\/adamfayed.com\/it\/what-is-a-personal-pension-in-the-uk\/\">pensione di una persona<\/a> Le prestazioni complementari sono disponibili per coloro che hanno i requisiti per l'AVS e l'assicurazione per l'invalidit\u00e0. Sono considerate un diritto legale e non un'assistenza sociale.<\/p>\n\n\n\n<p>I cantoni sono responsabili della determinazione delle prestazioni integrative, che vengono poi suddivise in due classificazioni:<\/p>\n\n\n\n<ul class=\"wp-block-list\">\n<li>Prestazioni maturate annualmente e distribuite su base mensile<\/li>\n\n\n\n<li>Copertura delle spese mediche e delle indennit\u00e0 di invalidit\u00e0<\/li>\n<\/ul>\n\n\n\n<div style=\"height:9px\" aria-hidden=\"true\" class=\"wp-block-spacer\"><\/div>\n\n\n\n<h2 class=\"wp-block-heading\">Il secondo pilastro della previdenza svizzera: La previdenza professionale<\/h2>\n\n\n\n<div style=\"height:9px\" aria-hidden=\"true\" class=\"wp-block-spacer\"><\/div>\n\n\n\n<p>Lo scopo principale del secondo pilastro, che funziona in combinazione con il primo, \u00e8 quello di garantire un sostegno finanziario adeguato una volta raggiunta l'et\u00e0 della pensione.<\/p>\n\n\n\n<p>Per ricevere i benefici del piano, dovete effettuare versamenti regolari durante tutti gli anni di lavoro. A determinate condizioni, potete accedere a questo denaro anche se non avete ancora raggiunto ufficialmente l'et\u00e0 pensionabile.<\/p>\n\n\n\n<h3 class=\"wp-block-heading\">Chi \u00e8 tenuto a versare al regime pensionistico aziendale?<\/h3>\n\n\n\n<div style=\"height:9px\" aria-hidden=\"true\" class=\"wp-block-spacer\"><\/div>\n\n\n\n<p>Se soddisfate tutti i requisiti elencati di seguito, siete tenuti a effettuare i versamenti nel secondo pilastro del sistema pensionistico svizzero:<\/p>\n\n\n\n<ul class=\"wp-block-list\">\n<li>Avete raggiunto l'et\u00e0 di 17 anni o pi\u00f9<\/li>\n\n\n\n<li>Siete coperti dall'AVS<\/li>\n\n\n\n<li>Siete attualmente occupati a tempo pieno e percepite un salario annuo minimo di 21.510 franchi.<\/li>\n<\/ul>\n\n\n\n<div style=\"height:9px\" aria-hidden=\"true\" class=\"wp-block-spacer\"><\/div>\n\n\n\n<p>\u00c8 possibile versare volontariamente contributi nell'ambito del secondo pilastro anche se non si soddisfano i requisiti di cui sopra, a condizione che:<\/p>\n\n\n\n<ul class=\"wp-block-list\">\n<li>Il vostro datore di lavoro vi iscrive volontariamente a una <a href=\"https:\/\/adamfayed.com\/it\/a-guide-to-the-netherlands-pension-system\/\">piano pensionistico appartenente al secondo pilastro del sistema pensionistico svizzero<\/a>.<\/li>\n\n\n\n<li>Il vostro datore di lavoro vi iscrive volontariamente a un piano pensionistico appartenente al secondo pilastro del sistema pensionistico svizzero.<\/li>\n\n\n\n<li>Si versa il contributo per propria volont\u00e0, anche se il contratto di lavoro \u00e8 di soli tre mesi o meno o se si \u00e8 lavoratori autonomi.<\/li>\n<\/ul>\n\n\n\n<div style=\"height:9px\" aria-hidden=\"true\" class=\"wp-block-spacer\"><\/div>\n\n\n\n<h3 class=\"wp-block-heading\">Quanto bisogna versare per la pensione svizzera nel secondo pilastro?<\/h3>\n\n\n\n<div style=\"height:9px\" aria-hidden=\"true\" class=\"wp-block-spacer\"><\/div>\n\n\n\n<p>Il cinquanta per cento dell'importo totale della pensione professionale \u00e8 a carico del lavoratore.  Il datore di lavoro copre la parte restante e ha la possibilit\u00e0 di coprire anche pi\u00f9 della met\u00e0 dei costi.<\/p>\n\n\n\n<p>I contributi vengono detratti dal vostro stipendio in modo diretto dal vostro datore di lavoro e poi versati sul vostro conto nell'ambito del Programma di previdenza sociale. <a href=\"https:\/\/adamfayed.com\/it\/does-singapore-have-a-pension-fund-for-expats-supplementary-retirement-scheme-for-expats\/\">fondo pensione<\/a> che hanno selezionato.<\/p>\n\n\n\n<p>Se siete lavoratori autonomi e avete deciso di versare i contributi volontari al secondo pilastro del sistema pensionistico, potete ottenere le informazioni necessarie rivolgendovi alla cassa pensione di vostra scelta.<\/p>\n\n\n\n<p>Poich\u00e9 il settore privato \u00e8 incaricato di amministrare i fondi pensione che costituiscono il secondo pilastro, ognuno di essi ha i propri requisiti normativi. Pertanto, l'importo minimo da trasferire non \u00e8 fisso e pu\u00f2 variare.<\/p>\n\n\n\n<h3 class=\"wp-block-heading\">Cosa sono i conti di libero passaggio?<\/h3>\n\n\n\n<div style=\"height:9px\" aria-hidden=\"true\" class=\"wp-block-spacer\"><\/div>\n\n\n\n<p>Non siete obbligati a versare i contributi alla previdenza professionale. <a href=\"https:\/\/adamfayed.com\/it\/golden-pension-scheme-for-expats-in-uae\/\">regime pensionistico<\/a> pi\u00f9 se:<\/p>\n\n\n\n<ul class=\"wp-block-list\">\n<li>il vostro reddito non raggiunge i 21.510 franchi all'anno<\/li>\n\n\n\n<li>sei senza lavoro<\/li>\n\n\n\n<li>voi <a href=\"https:\/\/adamfayed.com\/it\/i-am-considering-selling-my-home-and-business-to-move-overseas-is-this-a-good-idea-and-can-i-save-taxes-this-way\/\">trasferirsi all'estero<\/a> per qualche tempo<\/li>\n\n\n\n<li>non siete occupati per motivi di studio o formazione<\/li>\n<\/ul>\n\n\n\n<div style=\"height:9px\" aria-hidden=\"true\" class=\"wp-block-spacer\"><\/div>\n\n\n\n<p>Tuttavia, questo non vi d\u00e0 un lasciapassare per i fondi che siete riusciti ad accumulare fino a quel momento. \u00c8 invece necessario depositare il denaro su un conto di libero passaggio presso l'istituto finanziario preferito. \u00c8 qui che i vostri risparmi per la pensione professionale saranno tenuti al sicuro per tutto il tempo.<\/p>\n\n\n\n<p>Si richiede di <a href=\"https:\/\/adamfayed.com\/it\/what-are-the-options-for-moving-money-out-of-south-korea-in-2021\/\">spostare il denaro<\/a> dal conto di libero passaggio al nuovo conto di previdenza professionale non appena si soddisfano nuovamente i requisiti per il versamento dei contributi al 2\u00b0 pilastro.<\/p>\n\n\n\n<p>Se non si crea un conto di libero passaggio, il capitale del secondo pilastro viene trasferito in un conto dell'istituto collettore. Ci\u00f2 avverr\u00e0 automaticamente.<\/p>\n\n\n\n<h3 class=\"wp-block-heading\">Quando \u00e8 possibile ritirare i propri risparmi dal conto della previdenza professionale?<\/h3>\n\n\n\n<div style=\"height:9px\" aria-hidden=\"true\" class=\"wp-block-spacer\"><\/div>\n\n\n\n<h4 class=\"wp-block-heading\">Acquisizioni domestiche<\/h4>\n\n\n\n<div style=\"height:9px\" aria-hidden=\"true\" class=\"wp-block-spacer\"><\/div>\n\n\n\n<p>Il denaro ricavato dall'investimento nel secondo pilastro pu\u00f2 essere utilizzato per acquistare una casa, estinguere un'ipoteca esistente o ottenere azioni di una cooperativa che si occupa di edilizia abitativa prima del pensionamento.<\/p>\n\n\n\n<p>Devono essere soddisfatte le seguenti condizioni:<\/p>\n\n\n\n<ul class=\"wp-block-list\">\n<li>Il cliente \u00e8 tenuto a utilizzare la casa acquistata come residenza primaria.<\/li>\n\n\n\n<li>\u00c8 possibile ritirare la totalit\u00e0 dei propri fondi fino al compimento del 50\u00b0 anno di et\u00e0.<\/li>\n\n\n\n<li>\u00c8 possibile ritirare una parte dei fondi solo quando si superano i 50 anni di et\u00e0.<\/li>\n\n\n\n<li>\u00c8 possibile presentare una richiesta di prelievo anticipato una sola volta nell'arco di cinque anni.<\/li>\n\n\n\n<li>\u00c8 necessario il consenso del coniuge o del partner registrato.<\/li>\n\n\n\n<li>Se in un secondo momento si cede l'abitazione, in genere si \u00e8 tenuti a restituire il capitale del secondo pilastro utilizzato per l'acquisto.<\/li>\n<\/ul>\n\n\n\n<div style=\"height:9px\" aria-hidden=\"true\" class=\"wp-block-spacer\"><\/div>\n\n\n\n<h4 class=\"wp-block-heading\">Lavoro autonomo<\/h4>\n\n\n\n<div style=\"height:9px\" aria-hidden=\"true\" class=\"wp-block-spacer\"><\/div>\n\n\n\n<p>Se lavorate per conto vostro, non siete tenuti a effettuare versamenti nella previdenza professionale. Tuttavia, se avete versato dei contributi, potrete ritirare i vostri fondi se soddisfate le seguenti condizioni:<\/p>\n\n\n\n<ul class=\"wp-block-list\">\n<li>\u00c8 necessario presentare una richiesta di ritiro anticipato del capitale entro il primo anno di attivit\u00e0 autonoma.<\/li>\n\n\n\n<li>Dimostrate che siete effettivamente lavoratori autonomi mostrando il registro delle imprese o i documenti della previdenza sociale.<\/li>\n\n\n\n<li>\u00c8 necessario il consenso del coniuge o del partner registrato.<\/li>\n<\/ul>\n\n\n\n<div style=\"height:9px\" aria-hidden=\"true\" class=\"wp-block-spacer\"><\/div>\n\n\n\n<h4 class=\"wp-block-heading\">Partenza definitiva dalla Svizzera<\/h4>\n\n\n\n<div style=\"height:9px\" aria-hidden=\"true\" class=\"wp-block-spacer\"><\/div>\n\n\n\n<p>Se decidete di lasciare definitivamente la Svizzera, avete la possibilit\u00e0 di ricevere in anticipo i fondi della vostra previdenza professionale.<\/p>\n\n\n\n<p>Se invece intendete stabilire la vostra residenza permanente in uno dei Paesi dell'UE o dell'EFTA, non potrete farlo. Se <a href=\"https:\/\/adamfayed.com\/it\/pet-travel-relocation-and-some-weird-pet-laws\/\">ricollocare<\/a> in uno degli Stati membri, avrete diritto alle prestazioni pensionistiche, di invalidit\u00e0 e di reversibilit\u00e0 previste dalla legge.<\/p>\n\n\n\n<p>In questo caso, una parte dei fondi della vostra pensione professionale deve essere depositata su un conto bloccato in Svizzera. Potrete incassarla solo dopo aver raggiunto l'et\u00e0 pensionabile di 65 anni. Avete la possibilit\u00e0 di farvi versare in contanti la parte restante dei vostri risparmi del secondo pilastro, che rappresenta la componente opzionale.<\/p>\n\n\n\n<h3 class=\"wp-block-heading\">Pagamento della pensione<\/h3>\n\n\n\n<div style=\"height:9px\" aria-hidden=\"true\" class=\"wp-block-spacer\"><\/div>\n\n\n\n<p>Quando si compiono 65 anni, si ha diritto a <a href=\"https:\/\/adamfayed.com\/it\/what-is-the-best-financial-advice-i-have-ever-received-on-saving-money-and-building-wealth\/\">ricevere il denaro risparmiato<\/a> per tutti gli anni di lavoro. Se si va in pensione prima del previsto, ad esempio, si pu\u00f2 avere accesso al denaro di alcuni fondi pensione a partire dall'et\u00e0 di 58 anni. Se continuate a lavorare dopo l'et\u00e0 prevista dalla legge per il pensionamento, potete posticipare la riscossione delle prestazioni pensionistiche fino al compimento del 70\u00b0 anno di et\u00e0.<\/p>\n\n\n\n<p>L'importo della pensione del secondo pilastro \u00e8 determinato sia dai contributi versati al fondo pensione nel corso della vita lavorativa sia dalle norme che regolano il fondo pensione a cui si \u00e8 contribuito.<\/p>\n\n\n\n<p>I vari fondi pensione offrono opzioni come il versamento del 25% o pi\u00f9 dei fondi pensione professionali attraverso un pagamento unico; il resto sar\u00e0 versato su base mensile.  Un'altra opzione \u00e8 quella di versare l'intero <a href=\"https:\/\/adamfayed.com\/it\/lumpsuminvesting\/\">somma forfettaria<\/a> invece di ricevere una pensione.<\/p>\n\n\n\n<p>Per il calcolo della rendita svizzera viene utilizzato un tasso di conversione. L'importo della rendita a cui si ha diritto viene determinato applicando il tasso di conversione alla somma di denaro accumulata sul conto del secondo pilastro. Il 6,8% \u00e8 il limite legale per il tasso di conversione accettabile. <a href=\"https:\/\/adamfayed.com\/it\/how-hard-is-it-to-predict-the-exchange-rates-of-forex-markets\/\">tasso di cambio<\/a> a partire da ora, secondo le autorit\u00e0.<\/p>\n\n\n\n<h3 class=\"wp-block-heading\">Un pensionamento anticipato o ritardato potrebbe influire sulla vostra pensione professionale?<\/h3>\n\n\n\n<div style=\"height:9px\" aria-hidden=\"true\" class=\"wp-block-spacer\"><\/div>\n\n\n\n<p>La pensione viene ridotta se si va in pensione prima del previsto. Se ritardate il vostro pensionamento, la conversione della vostra pensione <a href=\"https:\/\/adamfayed.com\/it\/when-will-interest-rates-rise\/\">il tasso aumenter\u00e0<\/a> insieme alla pensione.<\/p>\n\n\n\n<figure class=\"wp-block-image aligncenter size-full\"><img decoding=\"async\" width=\"700\" height=\"400\" src=\"https:\/\/adamfayed.com\/wp-content\/uploads\/2022\/12\/early-vs-late-retirement-1.webp\" alt=\"swiss pension early vs late retirement\" class=\"wp-image-52143\" srcset=\"https:\/\/adamfayed.com\/wp-content\/uploads\/2022\/12\/early-vs-late-retirement-1.webp 700w, https:\/\/adamfayed.com\/wp-content\/uploads\/2022\/12\/early-vs-late-retirement-1-300x171.webp 300w, https:\/\/adamfayed.com\/wp-content\/uploads\/2022\/12\/early-vs-late-retirement-1-81x46.webp 81w\" sizes=\"(max-width: 700px) 100vw, 700px\" \/><figcaption class=\"wp-element-caption\"><em>Pensione anticipata o tardiva.<\/em> Immagine da Canaltragedy<\/figcaption><\/figure>\n\n\n\n<h2 class=\"wp-block-heading\">Pensione svizzera Terzo pilastro: Conto pensione individuale<\/h2>\n\n\n\n<div style=\"height:9px\" aria-hidden=\"true\" class=\"wp-block-spacer\"><\/div>\n\n\n\n<p>Il terzo pilastro del sistema pensionistico svizzero \u00e8 un piano di risparmio privato, volontario e vantaggioso dal punto di vista fiscale. Il vostro risparmio previdenziale cumulativo pu\u00f2 essere aumentato versando ulteriori fondi su un conto pensione individuale.<\/p>\n\n\n\n<p>Nella maggior parte dei casi, sarete in grado di ottenere tutto il vostro denaro dalla <a href=\"https:\/\/adamfayed.com\/it\/what-is-the-swiss-pension-pillar-3a-top-benefits-of-the-third-pillar\/\">terzo pilastro<\/a> tutti in una volta. Il prelievo pi\u00f9 precoce pu\u00f2 essere effettuato a 60 anni, oppure fino a 70 anni, a condizione che si possa dimostrare di essere ancora parte della forza lavoro.<\/p>\n\n\n\n<h3 class=\"wp-block-heading\">Che cos'\u00e8 il piano pensionistico privato vincolato (3a) e quali sono le sue caratteristiche?<\/h3>\n\n\n\n<div style=\"height:9px\" aria-hidden=\"true\" class=\"wp-block-spacer\"><\/div>\n\n\n\n<p>Questi sono <a href=\"https:\/\/adamfayed.com\/it\/is-working-hard-in-your-20s-to-save-up-to-have-a-good-life-by-30-worth-it\/\">i risparmi presso un assicuratore o una banca nel corso della vita lavorativa<\/a>, che si mantiene fino al raggiungimento dell'et\u00e0 pensionabile.<\/p>\n\n\n\n<h4 class=\"wp-block-heading\">Caratteristiche<\/h4>\n\n\n\n<div style=\"height:9px\" aria-hidden=\"true\" class=\"wp-block-spacer\"><\/div>\n\n\n\n<ul class=\"wp-block-list\">\n<li>C'\u00e8 un limite alla somma di denaro che pu\u00f2 essere depositata sul conto annuale.<\/li>\n\n\n\n<li>Offre una maggiore <a href=\"https:\/\/adamfayed.com\/it\/wealth-asset-management\/high-interest-savings-account-in-canada-2022-part-1\/\">tassi di interesse rispetto ai conti di risparmio<\/a>.<\/li>\n\n\n\n<li>I contributi possono essere dedotti dal reddito imponibile.<\/li>\n\n\n\n<li>La distribuzione di <a href=\"https:\/\/adamfayed.com\/it\/investment-funds-for-beginners-part-3\/\">fondi provenienti da un investimento<\/a> nell'ambito di questo piano \u00e8 regolato da norme rigorose.<\/li>\n\n\n\n<li>Quando si effettuano prelievi dai propri risparmi nell'ambito di questo programma, si \u00e8 tenuti a <a href=\"https:\/\/adamfayed.com\/it\/a-2022-handbook-for-american-expats-paying-taxes-in-japan\/\">pagare un'imposta una tantum<\/a> che viene calcolato in base ai guadagni percepiti al momento del prelievo.<\/li>\n<\/ul>\n\n\n\n<div style=\"height:9px\" aria-hidden=\"true\" class=\"wp-block-spacer\"><\/div>\n\n\n\n<h3 class=\"wp-block-heading\">Che cos'\u00e8 un piano pensionistico non vincolato (3b) e quali sono le sue caratteristiche?<\/h3>\n\n\n\n<div style=\"height:9px\" aria-hidden=\"true\" class=\"wp-block-spacer\"><\/div>\n\n\n\n<p>Si tratta di risparmi in contanti e investimenti, <a href=\"https:\/\/adamfayed.com\/it\/lifeinsuranceforexpats\/\">assicurazione sulla vita<\/a> polizze o conti di risparmio.<\/p>\n\n\n\n<h4 class=\"wp-block-heading\">Caratteristiche<\/h4>\n\n\n\n<div style=\"height:9px\" aria-hidden=\"true\" class=\"wp-block-spacer\"><\/div>\n\n\n\n<ul class=\"wp-block-list\">\n<li>Quantit\u00e0 illimitata di contributi annuali.<\/li>\n\n\n\n<li>Siete tenuti a dichiarare alle autorit\u00e0 fiscali competenti i fondi sostenuti ogni anno.<\/li>\n\n\n\n<li>Nella maggior parte dei casi, i fondi vengono tassati annualmente.<\/li>\n\n\n\n<li>Siete liberi di richiedere il prelievo dei fondi ogni volta che ne avete bisogno.<\/li>\n\n\n\n<li>Quando si ritira <a href=\"https:\/\/adamfayed.com\/it\/expats-in-singapore-can-save-money-in-12-different-ways\/\">denaro dai vostri risparmi<\/a>, non sarete soggetti ad alcuna tassa aggiuntiva.<\/li>\n<\/ul>\n\n\n\n<div style=\"height:9px\" aria-hidden=\"true\" class=\"wp-block-spacer\"><\/div>\n\n\n\n<h3 class=\"wp-block-heading\">Prestazioni del regime pensionistico individuale<\/h3>\n\n\n\n<div style=\"height:9px\" aria-hidden=\"true\" class=\"wp-block-spacer\"><\/div>\n\n\n\n<p>Chi ha diritto alle prestazioni del regime pensionistico privato ristretto 3a?<\/p>\n\n\n\n<ul class=\"wp-block-list\">\n<li>Se si sta attualmente contribuendo a un piano pensionistico professionale<\/li>\n\n\n\n<li>Se non si dispone di una rendita ai sensi dell'AVS o della previdenza per l'invalidit\u00e0<\/li>\n\n\n\n<li>Sei un <a href=\"https:\/\/adamfayed.com\/it\/investment-options\/investment-options-for-italian-expats-living-overseas\/\">residente all'estero ma che si guadagna da vivere<\/a> in Svizzera<\/li>\n\n\n\n<li>Il programma di assicurazione contro la disoccupazione della Confederazione elvetica prevede un'indennit\u00e0 al giorno<\/li>\n\n\n\n<li>Siete una persona assicurata parzialmente invalida e il vostro reddito vi d\u00e0 diritto alle prestazioni dell'AVS.<\/li>\n\n\n\n<li>Se avete raggiunto l'et\u00e0 della pensione ma continuate a lavorare, potete continuare a versare contributi al vostro fondo pensione fino a 70 anni.<\/li>\n\n\n\n<li>\u00c8 possibile continuare a versare i contributi anche durante il servizio civile o militare, la disoccupazione o la malattia.<\/li>\n<\/ul>\n\n\n\n<div style=\"height:9px\" aria-hidden=\"true\" class=\"wp-block-spacer\"><\/div>\n\n\n\n<p>Il piano pensionistico 3b non vincolato non prevede ulteriori requisiti da soddisfare.<\/p>\n\n\n\n<h3 class=\"wp-block-heading\">Quanto si pu\u00f2 contribuire a un piano pensionistico individuale?<\/h3>\n\n\n\n<div style=\"height:9px\" aria-hidden=\"true\" class=\"wp-block-spacer\"><\/div>\n\n\n\n<p>Esiste un limite alla somma di denaro che pu\u00f2 essere versata al pilastro 3a su base annua. Secondo le autorit\u00e0, nel 2023 tale cifra sar\u00e0 di 7.056 franchi per i dipendenti.<\/p>\n\n\n\n<p>Se siete lavoratori autonomi e non avete accesso al secondo pilastro, potete contribuire con il 20% del vostro reddito, con un importo totale non superiore a 35.280 franchi.<\/p>\n\n\n\n<p>Nel frattempo, non ci sono limiti annuali all'importo che pu\u00f2 essere versato al Pilastro 3b.<\/p>\n\n\n\n<h3 class=\"wp-block-heading\">Quando \u00e8 possibile prelevare denaro da un piano pensionistico individuale?<\/h3>\n\n\n\n<div style=\"height:9px\" aria-hidden=\"true\" class=\"wp-block-spacer\"><\/div>\n\n\n\n<p>In generale, l'accesso ai fondi del conto di risparmio del terzo pilastro \u00e8 consentito a 65 anni o almeno a 60 anni.<\/p>\n\n\n\n<figure class=\"wp-block-image aligncenter size-full is-resized\"><img decoding=\"async\" src=\"https:\/\/adamfayed.com\/wp-content\/uploads\/2022\/12\/2019-women-strike-in-switzerland.webp\" alt=\"swiss pension for women\" class=\"wp-image-52144\" width=\"700\" height=\"400\"\/><figcaption class=\"wp-element-caption\"><em>Le donne scioperano nel 2019 per ottenere pari diritti. <\/em>Immagine di Keystone\/Peter Schneider<\/figcaption><\/figure>\n\n\n\n<h2 class=\"wp-block-heading\">Le sfide del sistema pensionistico svizzero<\/h2>\n\n\n\n<div style=\"height:9px\" aria-hidden=\"true\" class=\"wp-block-spacer\"><\/div>\n\n\n\n<p>L'allungamento della vita media sta avendo un impatto negativo sul sistema pensionistico svizzero, come in molti altri Paesi. Questo perch\u00e9 il rapporto tra <a href=\"https:\/\/adamfayed.com\/it\/why-is-it-that-rich-people-have-their-money-work-hard-for-them-but-poor-people-work-hard\/\">persone che lavorano<\/a> a coloro che sono in pensione non \u00e8 pi\u00f9 sufficiente.<\/p>\n\n\n\n<p>Secondo il fornitore di notizie e informazioni <a href=\"https:\/\/www.swissinfo.ch\/eng\/why-switzerland-is-struggling-to-guarantee-pensions-for-the-next-generation\/45810324\" target=\"_blank\" rel=\"noopener\">Swissinfo<\/a>, Le autorit\u00e0 prevedono che il regime pensionistico svizzero non sar\u00e0 in grado di pareggiare i conti a partire dall'anno 2032.<\/p>\n\n\n\n<p>Le pensioni erogate dall'AVS non sono sufficienti a mantenere il proprio tenore di vita e un gran numero di pensionati \u00e8 costretto a fare affidamento su prestazioni statali aggiuntive, secondo il rapporto.<\/p>\n\n\n\n<p>L'innalzamento dell'et\u00e0 pensionabile per le donne (da 64 a 65 anni) \u00e8 solo l'inizio; il sistema pensionistico svizzero pu\u00f2 ancora essere migliorato.<\/p>\n\n\n\n<p><strong>Siete afflitti dall'indecisione finanziaria? Volete investire con Adam?<\/strong><\/p>\n\n\n\n<figure class=\"wp-block-image\"><img loading=\"lazy\" decoding=\"async\" width=\"1024\" height=\"604\" src=\"https:\/\/adamfayed.com\/wp-content\/uploads\/2022\/04\/smile-beige-jacket-4-1024x604-1.png\" alt=\"\" class=\"wp-image-41171\" srcset=\"https:\/\/adamfayed.com\/wp-content\/uploads\/2022\/04\/smile-beige-jacket-4-1024x604-1.png 1024w, https:\/\/adamfayed.com\/wp-content\/uploads\/2022\/04\/smile-beige-jacket-4-1024x604-1-300x177.png 300w, https:\/\/adamfayed.com\/wp-content\/uploads\/2022\/04\/smile-beige-jacket-4-1024x604-1-768x453.png 768w, https:\/\/adamfayed.com\/wp-content\/uploads\/2022\/04\/smile-beige-jacket-4-1024x604-1-81x48.png 81w\" sizes=\"(max-width: 1024px) 100vw, 1024px\" \/><\/figure>\n\n\n\n<div style=\"height:10px\" aria-hidden=\"true\" class=\"wp-block-spacer\"><\/div>\n\n\n\n<div class=\"wp-block-buttons is-layout-flex wp-block-buttons-is-layout-flex\">\n<div class=\"wp-block-button\"><a class=\"wp-block-button__link wp-element-button\" href=\"https:\/\/adamfayed.com\/it\/become-adams-client\/\">Diventa mio cliente<\/a><\/div>\n\n\n\n<div class=\"wp-block-button\"><a class=\"wp-block-button__link wp-element-button\" href=\"https:\/\/adamfayed.com\/it\/good-match-quiz\/\" target=\"_blank\" rel=\"noreferrer noopener\">Fare il quiz sull'idoneit\u00e0 del cliente<\/a><\/div>\n\n\n\n<div class=\"wp-block-button\"><a class=\"wp-block-button__link wp-element-button\" href=\"https:\/\/adamfayed.com\/it\/contact\/\" target=\"_blank\" rel=\"noreferrer noopener\">Contatto<\/a><\/div>\n<\/div>\n\n\n\n<p><strong>Adam \u00e8 un autore riconosciuto a livello internazionale in materia finanziaria con oltre 830 milioni di visualizzazioni di risposte su Quora, un libro molto venduto su Amazon e un contributo su Forbes.<\/strong><\/p>","protected":false},"excerpt":{"rendered":"<p>Uno sguardo al sistema pensionistico svizzero<\/p>","protected":false},"author":14,"featured_media":52141,"comment_status":"open","ping_status":"open","sticky":false,"template":"","format":"standard","meta":{"rop_custom_images_group":[],"rop_custom_messages_group":[],"rop_publish_now":"initial","rop_publish_now_accounts":{"facebook_10166176115445471_100883565069113":""},"rop_publish_now_history":[],"rop_publish_now_status":"pending","footnotes":""},"categories":[11617],"tags":[],"class_list":["post-52135","post","type-post","status-publish","format-standard","has-post-thumbnail","hentry","category-retirement"],"_links":{"self":[{"href":"https:\/\/adamfayed.com\/it\/wp-json\/wp\/v2\/posts\/52135","targetHints":{"allow":["GET"]}}],"collection":[{"href":"https:\/\/adamfayed.com\/it\/wp-json\/wp\/v2\/posts"}],"about":[{"href":"https:\/\/adamfayed.com\/it\/wp-json\/wp\/v2\/types\/post"}],"author":[{"embeddable":true,"href":"https:\/\/adamfayed.com\/it\/wp-json\/wp\/v2\/users\/14"}],"replies":[{"embeddable":true,"href":"https:\/\/adamfayed.com\/it\/wp-json\/wp\/v2\/comments?post=52135"}],"version-history":[{"count":0,"href":"https:\/\/adamfayed.com\/it\/wp-json\/wp\/v2\/posts\/52135\/revisions"}],"wp:featuredmedia":[{"embeddable":true,"href":"https:\/\/adamfayed.com\/it\/wp-json\/wp\/v2\/media\/52141"}],"wp:attachment":[{"href":"https:\/\/adamfayed.com\/it\/wp-json\/wp\/v2\/media?parent=52135"}],"wp:term":[{"taxonomy":"category","embeddable":true,"href":"https:\/\/adamfayed.com\/it\/wp-json\/wp\/v2\/categories?post=52135"},{"taxonomy":"post_tag","embeddable":true,"href":"https:\/\/adamfayed.com\/it\/wp-json\/wp\/v2\/tags?post=52135"}],"curies":[{"name":"wp","href":"https:\/\/api.w.org\/{rel}","templated":true}]}}